{"id":360,"date":"2014-11-27T13:00:00","date_gmt":"2014-11-27T12:00:00","guid":{"rendered":"http:\/\/lesavoirpartage.org\/new\/2014\/11\/27\/le-sinai-1ere-partie-geographie-et-histoire-ancienne-par-j-paul-bourguet-jeudi-27-11-a-16h30-a-dieulefit-sante\/"},"modified":"2014-11-27T13:00:00","modified_gmt":"2014-11-27T12:00:00","slug":"le-sinai-1ere-partie-geographie-et-histoire-ancienne-par-j-paul-bourguet-jeudi-27-11-a-16h30-a-dieulefit-sante","status":"publish","type":"post","link":"https:\/\/lesavoirpartage.org\/new\/2014\/11\/27\/le-sinai-1ere-partie-geographie-et-histoire-ancienne-par-j-paul-bourguet-jeudi-27-11-a-16h30-a-dieulefit-sante\/","title":{"rendered":"Le Sina\u00ef (1\u00e8re partie) g\u00e9ographie et histoire ancienne, par J-Paul BOURGUET, jeudi 27.11 \u00e0 16h30 \u00e0 DIEULEFIT SANTE."},"content":{"rendered":"<p><font face=\"Times New Roman\" size=\"3\">  <\/font><\/p>\n<p style=\"margin: 0cm 0cm 0pt;text-align: justify\"><font face=\"Calibri\"><font size=\"3\"><strong>Le SINA&Iuml;<\/strong>, haut lieu mythique si charg&eacute; d&rsquo;histoire<\/font><\/font><\/p>\n<p><font face=\"Times New Roman\" size=\"3\">  <\/font><\/p>\n<p style=\"margin: 0cm 0cm 0pt;text-align: justify\"><font face=\"Calibri\" size=\"3\">Cette premi&egrave;re partie permettra de faire connaissance avec la G&eacute;ographie et l&rsquo;Histoire G&eacute;ologique du SINA&Iuml; :&nbsp;paysages,<span>&nbsp; <\/span>population, faune sous-marine, ressources,......mais aussi avec les principales &eacute;tapes de son Histoire, de la pr&eacute;histoire a l&rsquo;&eacute;poque pharaonique (et notamment, une occasion de d&eacute;couvrir une premi&egrave;re r&eacute;volution dans la communication).<\/font><\/p>\n<p><font face=\"Times New Roman\" size=\"3\">  <\/font><\/p>\n","protected":false},"excerpt":{"rendered":"Le SINA&Iuml;, haut lieu mythique si charg&eacute; d&rsquo;histoire Cette premi&egrave;re partie permettra de faire connaissance avec la G&eacute;ographie et l&rsquo;Histoire G&eacute;ologique du SINA&Iuml; :&nbsp;paysages,&nbsp; population, faune sous-marine, ressources,......mais aussi avec les principales &eacute;tapes de son Histoire, de la pr&eacute;histoire a l&rsquo;&eacute;poque pharaonique (et notamment, une occasion de d&eacute;couvrir une premi&egrave;re r&eacute;volution dans la communication).","protected":false},"author":1,"featured_media":361,"comment_status":"closed","ping_status":"open","sticky":false,"template":"","format":"standard","meta":{"_mi_skip_tracking":false,"_monsterinsights_sitenote_active":false,"_monsterinsights_sitenote_note":"","_monsterinsights_sitenote_category":0,"footnotes":""},"categories":[15],"tags":[],"class_list":["post-360","post","type-post","status-publish","format-standard","has-post-thumbnail","hentry","category-histoire","cat-15-id"],"acf":[],"_links":{"self":[{"href":"https:\/\/lesavoirpartage.org\/new\/wp-json\/wp\/v2\/posts\/360","targetHints":{"allow":["GET"]}}],"collection":[{"href":"https:\/\/lesavoirpartage.org\/new\/wp-json\/wp\/v2\/posts"}],"about":[{"href":"https:\/\/lesavoirpartage.org\/new\/wp-json\/wp\/v2\/types\/post"}],"author":[{"embeddable":true,"href":"https:\/\/lesavoirpartage.org\/new\/wp-json\/wp\/v2\/users\/1"}],"replies":[{"embeddable":true,"href":"https:\/\/lesavoirpartage.org\/new\/wp-json\/wp\/v2\/comments?post=360"}],"version-history":[{"count":0,"href":"https:\/\/lesavoirpartage.org\/new\/wp-json\/wp\/v2\/posts\/360\/revisions"}],"wp:featuredmedia":[{"embeddable":true,"href":"https:\/\/lesavoirpartage.org\/new\/wp-json\/wp\/v2\/media\/361"}],"wp:attachment":[{"href":"https:\/\/lesavoirpartage.org\/new\/wp-json\/wp\/v2\/media?parent=360"}],"wp:term":[{"taxonomy":"category","embeddable":true,"href":"https:\/\/lesavoirpartage.org\/new\/wp-json\/wp\/v2\/categories?post=360"},{"taxonomy":"post_tag","embeddable":true,"href":"https:\/\/lesavoirpartage.org\/new\/wp-json\/wp\/v2\/tags?post=360"}],"curies":[{"name":"wp","href":"https:\/\/api.w.org\/{rel}","templated":true}]}}