{"id":2922,"date":"2023-03-11T11:03:07","date_gmt":"2023-03-11T10:03:07","guid":{"rendered":"https:\/\/lesavoirpartage.org\/new\/?p=2922"},"modified":"2023-12-29T16:37:56","modified_gmt":"2023-12-29T15:37:56","slug":"espagne-1492-1992-la-longue-marche-vers-la-democratie","status":"publish","type":"post","link":"https:\/\/lesavoirpartage.org\/new\/2023\/03\/11\/espagne-1492-1992-la-longue-marche-vers-la-democratie\/","title":{"rendered":"Espagne : 1492-1992 La longue marche vers la d\u00e9mocratie"},"content":{"rendered":"\n<p><\/p>\n\n\n\n<h2 class=\"wp-block-heading\"><\/h2>\n\n\n\n<figure class=\"wp-block-table aligncenter\"><table><tbody><tr><td class=\"has-text-align-left\" data-align=\"left\"><strong>Le jeudi 16 mars 2023 \u00e0 16h30 \u00e0 la Maison fraternelle, 4 chemin de la Croix du Lume, conf\u00e9rence de Colette Brun-Castelly, agr\u00e9g\u00e9e d\u2019Espagnol et \u00e9crivaine.<\/strong><\/td><\/tr><tr><td class=\"has-text-align-left\" data-align=\"left\"><img decoding=\"async\" width=\"310\" src=\"https:\/\/lesavoirpartage.org\/new\/wp-content\/uploads\/2023\/02\/Don-Quichotte-et-Sancho.png\" alt=\"Don Quichotte et Sancho\"><\/td><\/tr><tr><td class=\"has-text-align-left\" data-align=\"left\">Cette conf\u00e9rence permettra un tour d\u2019horizon de cinq si\u00e8cles d\u2019Histoire de l\u2019Espagne. Elle mettra la focale sur les moments, les mouvements, les \u00e9v\u00e9nements en particulier litt\u00e9raires, qui ont permis aux valeurs cardinales de la d\u00e9mocratie : \u00e9galit\u00e9, justice, libert\u00e9, solidarit\u00e9, de cheminer dans les consciences jusqu\u2019\u00e0 devenir des revendications collectives et majoritaires.<br>Trois p\u00e9riodes seront abord\u00e9es :<br>\u2022 Celle de l\u2019absolutisme royal des Habsbourg, \u00e9paul\u00e9 par l\u2019Inquisition ; les soul\u00e8vements furent \u00e9cras\u00e9s, mais des avanc\u00e9es, sur la condition des \u00ab indiens \u00bb d\u2019Am\u00e9rique par exemple sont effectives. Les \u00e9crits de Quevedo, Lope de Vega, Cervant\u00e8s et quelques autres, invitent \u00e0 r\u00eaver d\u2019un monde plus juste.<br>\u2022 Les XVIII et XIX\u00b0 si\u00e8cle, secou\u00e9s par d\u2019incessantes luttes entre r\u00e9formateurs-lib\u00e9raux d\u2019une part, et conservateurs de l\u2019autre, sera explor\u00e9e avec les yeux (et quelques \u0153uvres choisies) du peintre Francisco Goya.<br>\u2022 Le XX\u00b0 si\u00e8cle verra l\u2019\u00e9mergence de r\u00e9voltes sociales accompagn\u00e9es de perspectives d\u00e9mocratiques, la 2\u00b0 R\u00e9publique (1931-39) et la transition d\u00e9mocratique (1976-81) constituant des moments cl\u00e9s de cette longue marche. &nbsp; <br>L'\u00e9quipe du Savoir Partag\u00e9<\/td><\/tr><\/tbody><\/table><\/figure>\n\n\n\n<h2 class=\"wp-block-heading\"><\/h2>\n\n\n\n<h2 class=\"wp-block-heading\"><\/h2>\n\n\n\n<h2 class=\"wp-block-heading\"><\/h2>\n\n\n\n<h2 class=\"wp-block-heading\"><\/h2>\n","protected":false},"excerpt":{"rendered":"Le jeudi 16 mars 2023 \u00e0 16h30 \u00e0 la Maison fraternelle, 4 chemin de la Croix du Lume, conf\u00e9rence de Colette Brun-Castelly, agr\u00e9g\u00e9e d\u2019Espagnol et \u00e9crivaine. Cette conf\u00e9rence permettra un tour d\u2019horizon de cinq si\u00e8cles d\u2019Histoire de l\u2019Espagne. Elle mettra la focale sur les moments, les mouvements, les \u00e9v\u00e9nements en particulier litt\u00e9raires, qui ont permis aux valeurs cardinales de la&nbsp;<a href=\"https:\/\/lesavoirpartage.org\/new\/2023\/03\/11\/espagne-1492-1992-la-longue-marche-vers-la-democratie\/\" class=\"read-more\">Lire la suite<\/a>","protected":false},"author":2,"featured_media":0,"comment_status":"closed","ping_status":"open","sticky":false,"template":"","format":"standard","meta":{"_mi_skip_tracking":false,"_monsterinsights_sitenote_active":false,"_monsterinsights_sitenote_note":"","_monsterinsights_sitenote_category":0,"footnotes":""},"categories":[15],"tags":[],"class_list":["post-2922","post","type-post","status-publish","format-standard","hentry","category-histoire","cat-15-id"],"acf":[],"_links":{"self":[{"href":"https:\/\/lesavoirpartage.org\/new\/wp-json\/wp\/v2\/posts\/2922","targetHints":{"allow":["GET"]}}],"collection":[{"href":"https:\/\/lesavoirpartage.org\/new\/wp-json\/wp\/v2\/posts"}],"about":[{"href":"https:\/\/lesavoirpartage.org\/new\/wp-json\/wp\/v2\/types\/post"}],"author":[{"embeddable":true,"href":"https:\/\/lesavoirpartage.org\/new\/wp-json\/wp\/v2\/users\/2"}],"replies":[{"embeddable":true,"href":"https:\/\/lesavoirpartage.org\/new\/wp-json\/wp\/v2\/comments?post=2922"}],"version-history":[{"count":4,"href":"https:\/\/lesavoirpartage.org\/new\/wp-json\/wp\/v2\/posts\/2922\/revisions"}],"predecessor-version":[{"id":2926,"href":"https:\/\/lesavoirpartage.org\/new\/wp-json\/wp\/v2\/posts\/2922\/revisions\/2926"}],"wp:attachment":[{"href":"https:\/\/lesavoirpartage.org\/new\/wp-json\/wp\/v2\/media?parent=2922"}],"wp:term":[{"taxonomy":"category","embeddable":true,"href":"https:\/\/lesavoirpartage.org\/new\/wp-json\/wp\/v2\/categories?post=2922"},{"taxonomy":"post_tag","embeddable":true,"href":"https:\/\/lesavoirpartage.org\/new\/wp-json\/wp\/v2\/tags?post=2922"}],"curies":[{"name":"wp","href":"https:\/\/api.w.org\/{rel}","templated":true}]}}