{"id":1961,"date":"2017-05-19T11:37:47","date_gmt":"2017-05-19T10:37:47","guid":{"rendered":"http:\/\/lesavoirpartage.org\/new\/?p=1961"},"modified":"2017-09-20T12:09:58","modified_gmt":"2017-09-20T11:09:58","slug":"a-vos-agendas-assemble-generale-du-savoir-partage","status":"publish","type":"post","link":"https:\/\/lesavoirpartage.org\/new\/2017\/05\/19\/a-vos-agendas-assemble-generale-du-savoir-partage\/","title":{"rendered":"A vos agendas : Assembl\u00e9e G\u00e9n\u00e9rale du Savoir Partag\u00e9."},"content":{"rendered":"<p><strong><span style=\"color: #3366ff;\">ASSEMBL\u00c9E<\/span><span style=\"color: #3366ff;\">\u00a0G\u00c9N\u00c9RALE\u00a0ANNUELLE DE L'ASSOCIATION<\/span><\/strong><\/p>\n<p class=\"align-left\">L'\u00e9quipe du SAVOIR PARTAG<span style=\"color: #000000;\">\u00c9<\/span>\u00a0a le plaisir de vous inviter\u00a0\u00e0 participer \u00e0 l\u2019Assembl\u00e9e G\u00e9n\u00e9rale Ordinaire annuelle qui se tiendra le 02 octobre 2017 \u00e0 14 h 30 \u00e0 la HALLE.<\/p>\n<p class=\"align-left\">L'ordre du jour sera le suivant :<\/p>\n<p class=\"align-left\">\u00d8 Bilan d\u2019activit\u00e9 2016\/2017<\/p>\n<p class=\"align-left\">\u00d8 Structure\/Organisation<\/p>\n<p class=\"align-left\">\u00d8 Projets 2017\/2018<\/p>\n<p class=\"align-left\">\u00d8 Bilan financier - Budget pr\u00e9visionnel<\/p>\n<p class=\"align-left\">\u00d8 Programme de l'automne 2017<\/p>\n<p class=\"align-left\">\u00d8 Questions diverses<\/p>\n<p class=\"align-left\">Cette assembl\u00e9e sera suivie d'une conf\u00e9rence-pr\u00e9sentation de la sortie organis\u00e9e \u00e0 VIVIERS, par Madame Yvonne LECLERE.<\/p>\n<p class=\"align-left\">Et nous ne saurions nous quitter sans le traditionnel verre de l'amiti\u00e9.<\/p>\n<p class=\"align-left\"><strong>L'\u00e9largissement du CA \u00e9tant envisag\u00e9, les membres qui souhaitent pr\u00e9senter leur candidature doivent se manifester d\u00e8s maintenant aupr\u00e8s de Patrice NATIER.<\/strong><\/p>\n","protected":false},"excerpt":{"rendered":"ASSEMBL\u00c9E\u00a0G\u00c9N\u00c9RALE\u00a0ANNUELLE DE L'ASSOCIATION L'\u00e9quipe du SAVOIR PARTAG\u00c9\u00a0a le plaisir de vous inviter\u00a0\u00e0 participer \u00e0 l\u2019Assembl\u00e9e G\u00e9n\u00e9rale Ordinaire annuelle qui se tiendra le 02 octobre 2017 \u00e0 14 h 30 \u00e0 la HALLE. L'ordre du jour sera le suivant : \u00d8 Bilan d\u2019activit\u00e9 2016\/2017 \u00d8 Structure\/Organisation \u00d8 Projets 2017\/2018 \u00d8 Bilan financier - Budget pr\u00e9visionnel \u00d8 Programme de l'automne 2017 \u00d8&nbsp;<a href=\"https:\/\/lesavoirpartage.org\/new\/2017\/05\/19\/a-vos-agendas-assemble-generale-du-savoir-partage\/\" class=\"read-more\">Lire la suite<\/a>","protected":false},"author":2,"featured_media":0,"comment_status":"closed","ping_status":"open","sticky":true,"template":"","format":"standard","meta":{"_mi_skip_tracking":false,"_monsterinsights_sitenote_active":false,"_monsterinsights_sitenote_note":"","_monsterinsights_sitenote_category":0,"footnotes":""},"categories":[1],"tags":[],"class_list":["post-1961","post","type-post","status-publish","format-standard","hentry","category-non-classe","cat-1-id"],"acf":[],"_links":{"self":[{"href":"https:\/\/lesavoirpartage.org\/new\/wp-json\/wp\/v2\/posts\/1961","targetHints":{"allow":["GET"]}}],"collection":[{"href":"https:\/\/lesavoirpartage.org\/new\/wp-json\/wp\/v2\/posts"}],"about":[{"href":"https:\/\/lesavoirpartage.org\/new\/wp-json\/wp\/v2\/types\/post"}],"author":[{"embeddable":true,"href":"https:\/\/lesavoirpartage.org\/new\/wp-json\/wp\/v2\/users\/2"}],"replies":[{"embeddable":true,"href":"https:\/\/lesavoirpartage.org\/new\/wp-json\/wp\/v2\/comments?post=1961"}],"version-history":[{"count":4,"href":"https:\/\/lesavoirpartage.org\/new\/wp-json\/wp\/v2\/posts\/1961\/revisions"}],"predecessor-version":[{"id":2029,"href":"https:\/\/lesavoirpartage.org\/new\/wp-json\/wp\/v2\/posts\/1961\/revisions\/2029"}],"wp:attachment":[{"href":"https:\/\/lesavoirpartage.org\/new\/wp-json\/wp\/v2\/media?parent=1961"}],"wp:term":[{"taxonomy":"category","embeddable":true,"href":"https:\/\/lesavoirpartage.org\/new\/wp-json\/wp\/v2\/categories?post=1961"},{"taxonomy":"post_tag","embeddable":true,"href":"https:\/\/lesavoirpartage.org\/new\/wp-json\/wp\/v2\/tags?post=1961"}],"curies":[{"name":"wp","href":"https:\/\/api.w.org\/{rel}","templated":true}]}}